{"id":5970,"date":"2025-01-12T10:02:19","date_gmt":"2025-01-12T08:02:19","guid":{"rendered":"https:\/\/gelatec.gr\/?p=5970"},"modified":"2025-10-21T13:58:15","modified_gmt":"2025-10-21T10:58:15","slug":"gelatec-at-horeca-2025-in-athens","status":"publish","type":"post","link":"https:\/\/gelatec.gr\/fr\/gelatec-at-horeca-2025-in-athens\/","title":{"rendered":"Gelatec au salon HORECA 2025 \u00e0 Ath\u00e8nes"},"content":{"rendered":"<div class=\"fusion-fullwidth fullwidth-box fusion-builder-row-1 fusion-flex-container has-pattern-background has-mask-background shrink-container nonhundred-percent-fullwidth non-hundred-percent-height-scrolling\" style=\"--awb-border-color:var(--awb-color4);--awb-border-radius-top-left:16px;--awb-border-radius-top-right:16px;--awb-border-radius-bottom-right:16px;--awb-border-radius-bottom-left:16px;--awb-overflow:hidden;--awb-padding-top:2em;--awb-margin-top:0em;--awb-background-color:var(--awb-color1);--awb-flex-wrap:wrap;\" ><div class=\"fusion-builder-row fusion-row fusion-flex-align-items-flex-start fusion-flex-content-wrap\" style=\"max-width:calc( 1600px + 20px );margin-left: calc(-20px \/ 2 );margin-right: calc(-20px \/ 2 );\"><div class=\"fusion-layout-column fusion_builder_column fusion-builder-column-0 fusion_builder_column_1_1 1_1 fusion-flex-column\" style=\"--awb-overflow:hidden;--awb-bg-color:var(--awb-color1);--awb-bg-color-hover:var(--awb-color1);--awb-bg-size:cover;--awb-border-radius:16px 16px 16px 16px;--awb-width-large:100%;--awb-margin-top-large:2em;--awb-spacing-right-large:10px;--awb-margin-bottom-large:20px;--awb-spacing-left-large:10px;--awb-width-medium:100%;--awb-order-medium:0;--awb-spacing-right-medium:10px;--awb-spacing-left-medium:10px;--awb-width-small:100%;--awb-order-small:0;--awb-spacing-right-small:10px;--awb-spacing-left-small:10px;\" data-scroll-devices=\"small-visibility,medium-visibility,large-visibility\"><div class=\"fusion-column-wrapper fusion-column-has-shadow fusion-flex-justify-content-flex-start fusion-content-layout-column\"><div class=\"fusion-text fusion-text-1\" style=\"--awb-text-color:var(--awb-color4);\"><p><span data-contrast=\"auto\">Nous sommes ravis d'annoncer que nous serons au salon HORECA \u00e0 Ath\u00e8nes, qui aura lieu du 7 au 10 f\u00e9vrier 2025. Joignez-vous \u00e0 nous lors de cet \u00e9v\u00e9nement de premier plan o\u00f9 nous pr\u00e9senterons fi\u00e8rement nos pr\u00e9sentoirs de cr\u00e8me glac\u00e9e et de p\u00e2tisserie de pointe, dot\u00e9s de designs innovants et de technologies de pointe.<\/span><span data-ccp-props=\"{\">\u00a0<\/span><\/p>\n<p><span data-ccp-props=\"{\">\u00a0<\/span><span data-contrast=\"auto\">Visitez-nous sur les stands de nos partenaires, o\u00f9 nous pr\u00e9senterons ensemble un m\u00e9lange harmonieux d\u2019\u00e9l\u00e9gance et de fonctionnalit\u00e9 adapt\u00e9 aux besoins de l\u2019industrie HORECA.<\/span><span data-ccp-props=\"{\">\u00a0<\/span><\/p>\n<ul>\n<li><span data-contrast=\"auto\">Hall 1, stand C14<\/span><\/li>\n<li><span data-contrast=\"auto\">H<\/span><span data-contrast=\"auto\">tous les 4, Stand A4<\/span><\/li>\n<li>Hall 4, stand A14<span data-ccp-props=\"{\">\u00a0<\/span><\/li>\n<\/ul>\n<p>HORECA est un salon international de premier plan pour l'approvisionnement et l'\u00e9quipement des entreprises d'h\u00f4tellerie et de restauration. Il est organis\u00e9 chaque ann\u00e9e et rassemble les professionnels du tourisme avec la cha\u00eene d'approvisionnement de l'industrie de l'h\u00f4tellerie et de la restauration!<\/p>\n<\/div><\/div><\/div><\/div><\/div>","protected":false},"excerpt":{"rendered":"","protected":false},"author":1,"featured_media":5971,"comment_status":"closed","ping_status":"closed","sticky":false,"template":"","format":"standard","meta":{"wpupg_custom_link":[],"wpupg_custom_link_behaviour":["default"],"wpupg_custom_link_nofollow":["default"],"wpupg_custom_image":[],"wpupg_custom_image_id":[],"footnotes":""},"categories":[250],"tags":[],"class_list":["post-5970","post","type-post","status-publish","format-standard","has-post-thumbnail","hentry","category-events-exhibitions"],"_links":{"self":[{"href":"https:\/\/gelatec.gr\/fr\/wp-json\/wp\/v2\/posts\/5970","targetHints":{"allow":["GET"]}}],"collection":[{"href":"https:\/\/gelatec.gr\/fr\/wp-json\/wp\/v2\/posts"}],"about":[{"href":"https:\/\/gelatec.gr\/fr\/wp-json\/wp\/v2\/types\/post"}],"author":[{"embeddable":true,"href":"https:\/\/gelatec.gr\/fr\/wp-json\/wp\/v2\/users\/1"}],"replies":[{"embeddable":true,"href":"https:\/\/gelatec.gr\/fr\/wp-json\/wp\/v2\/comments?post=5970"}],"version-history":[{"count":0,"href":"https:\/\/gelatec.gr\/fr\/wp-json\/wp\/v2\/posts\/5970\/revisions"}],"wp:featuredmedia":[{"embeddable":true,"href":"https:\/\/gelatec.gr\/fr\/wp-json\/wp\/v2\/media\/5971"}],"wp:attachment":[{"href":"https:\/\/gelatec.gr\/fr\/wp-json\/wp\/v2\/media?parent=5970"}],"wp:term":[{"taxonomy":"category","embeddable":true,"href":"https:\/\/gelatec.gr\/fr\/wp-json\/wp\/v2\/categories?post=5970"},{"taxonomy":"post_tag","embeddable":true,"href":"https:\/\/gelatec.gr\/fr\/wp-json\/wp\/v2\/tags?post=5970"}],"curies":[{"name":"wp","href":"https:\/\/api.w.org\/{rel}","templated":true}]}}